{"id":89,"date":"2021-05-21T08:43:00","date_gmt":"2021-05-21T06:43:00","guid":{"rendered":"http:\/\/letangauxpetitsoignons.org\/?p=89"},"modified":"2021-05-21T08:43:01","modified_gmt":"2021-05-21T06:43:01","slug":"gateau-au-fenouil","status":"publish","type":"post","link":"https:\/\/letangauxpetitsoignons.org\/index.php\/2021\/05\/21\/gateau-au-fenouil\/","title":{"rendered":"G\u00e2teau au Fenouil"},"content":{"rendered":"\n<p><a href=\"https:\/\/www.franceinter.fr\/vie-quotidienne\/gateau-au-fenouil\">https:\/\/www.franceinter.fr\/vie-quotidienne\/gateau-au-fenouil<\/a><\/p>\n\n\n\n<p>Ingr\u00e9dients&nbsp;:<\/p>\n\n\n\n<p>1 ou 2 fenouils (300 g apr\u00e8s nettoyage)&nbsp;<\/p>\n\n\n\n<p>3 \u0153ufs bio&nbsp;<\/p>\n\n\n\n<p>180 g de sucre<\/p>\n\n\n\n<p>Le zeste r\u00e2p\u00e9 de 2 oranges non trait\u00e9es&nbsp;<\/p>\n\n\n\n<p>200 g de farine&nbsp;<\/p>\n\n\n\n<p>100 g de beurre&nbsp;<\/p>\n\n\n\n<p>100 g de poudre d\u2019amande&nbsp;<\/p>\n\n\n\n<p>1 sachet de levure chimique<\/p>\n\n\n\n<p><\/p>\n\n\n\n<p>Laver le fenouil et le couper en fines lamelles, \u00e0 la mandoline.&nbsp;<\/p>\n\n\n\n<p>Casser les \u0153ufs dans un saladier avec le sucre et le zeste r\u00e2p\u00e9, bien m\u00e9langer. Incorporer la farine, le beurre ramolli, la poudre d\u2019amande et la levure.&nbsp;<\/p>\n\n\n\n<p>Amalgamer tous les ingr\u00e9dients en ajoutant le fenouil. D\u00e9poser la pr\u00e9paration dans un moule \u00e0 tarte de 22 cm de diam\u00e8tre, pr\u00e9alablement beurr\u00e9.&nbsp;<\/p>\n\n\n\n<p>Enfourner dans le four pr\u00e9chauff\u00e9 \u00e0 170 \u00b0C pendant 45 \u00e0 50 mn. Laisser ti\u00e9dir et d\u00e9mouler.<\/p>\n","protected":false},"excerpt":{"rendered":"<p>https:\/\/www.franceinter.fr\/vie-quotidienne\/gateau-au-fenouil Ingr\u00e9dients&nbsp;: 1 ou 2 fenouils (300 g apr\u00e8s nettoyage)&nbsp; 3 \u0153ufs bio&nbsp; 180 g de sucre Le zeste r\u00e2p\u00e9 de 2 oranges non trait\u00e9es&nbsp; 200 g de farine&nbsp; 100 g de beurre&nbsp; 100 g de poudre d\u2019amande&nbsp; 1 sachet de levure chimique Laver le fenouil et le couper en fines lamelles, \u00e0 la mandoline.&nbsp; &hellip; <\/p>\n<p class=\"link-more\"><a href=\"https:\/\/letangauxpetitsoignons.org\/index.php\/2021\/05\/21\/gateau-au-fenouil\/\" class=\"more-link\">Continuer la lecture<span class=\"screen-reader-text\"> de &laquo;&nbsp;G\u00e2teau au Fenouil&nbsp;&raquo;<\/span><\/a><\/p>\n","protected":false},"author":1,"featured_media":90,"comment_status":"open","ping_status":"open","sticky":false,"template":"","format":"standard","meta":{"footnotes":"","_jetpack_memberships_contains_paid_content":false,"jetpack_publicize_message":"","jetpack_publicize_feature_enabled":true,"jetpack_social_post_already_shared":false,"jetpack_social_options":{"image_generator_settings":{"template":"highway","enabled":false}}},"categories":[5],"tags":[],"jetpack_publicize_connections":[],"jetpack_featured_media_url":"https:\/\/i0.wp.com\/letangauxpetitsoignons.org\/wp-content\/uploads\/2021\/05\/gf.jpg?fit=387%2C435&ssl=1","jetpack_sharing_enabled":true,"jetpack_likes_enabled":true,"_links":{"self":[{"href":"https:\/\/letangauxpetitsoignons.org\/index.php\/wp-json\/wp\/v2\/posts\/89"}],"collection":[{"href":"https:\/\/letangauxpetitsoignons.org\/index.php\/wp-json\/wp\/v2\/posts"}],"about":[{"href":"https:\/\/letangauxpetitsoignons.org\/index.php\/wp-json\/wp\/v2\/types\/post"}],"author":[{"embeddable":true,"href":"https:\/\/letangauxpetitsoignons.org\/index.php\/wp-json\/wp\/v2\/users\/1"}],"replies":[{"embeddable":true,"href":"https:\/\/letangauxpetitsoignons.org\/index.php\/wp-json\/wp\/v2\/comments?post=89"}],"version-history":[{"count":0,"href":"https:\/\/letangauxpetitsoignons.org\/index.php\/wp-json\/wp\/v2\/posts\/89\/revisions"}],"wp:featuredmedia":[{"embeddable":true,"href":"https:\/\/letangauxpetitsoignons.org\/index.php\/wp-json\/wp\/v2\/media\/90"}],"wp:attachment":[{"href":"https:\/\/letangauxpetitsoignons.org\/index.php\/wp-json\/wp\/v2\/media?parent=89"}],"wp:term":[{"taxonomy":"category","embeddable":true,"href":"https:\/\/letangauxpetitsoignons.org\/index.php\/wp-json\/wp\/v2\/categories?post=89"},{"taxonomy":"post_tag","embeddable":true,"href":"https:\/\/letangauxpetitsoignons.org\/index.php\/wp-json\/wp\/v2\/tags?post=89"}],"curies":[{"name":"wp","href":"https:\/\/api.w.org\/{rel}","templated":true}]}}