{"id":1461,"date":"2024-04-08T17:37:27","date_gmt":"2024-04-08T15:37:27","guid":{"rendered":"https:\/\/letangauxpetitsoignons.org\/?p=1461"},"modified":"2024-04-08T17:37:28","modified_gmt":"2024-04-08T15:37:28","slug":"aidez-maxime-notre-producteur-de-volaille","status":"publish","type":"post","link":"https:\/\/letangauxpetitsoignons.org\/index.php\/2024\/04\/08\/aidez-maxime-notre-producteur-de-volaille\/","title":{"rendered":"Aidez Maxime notre producteur de Volaille"},"content":{"rendered":"\n<p>Maxime Almeida est le producteur de volailles et \u0153ufs de notre Amap et il vient nous livrer ses d\u00e9licieux produits une fois par mois. Maxime fait partie d\u2019un groupement d\u2019\u00e9leveurs des Yvelines qui ont cr\u00e9\u00e9 un atelier de d\u00e9coupe et de transformation de viande dans le 78, \u00e0 Gazeran, afin de localiser la production au plus pr\u00e8s des \u00e9leveurs et de la distribuer en circuit court. Or, ils auraient besoin d\u2019un apport de tr\u00e9sorerie pour assurer leur p\u00e9rennit\u00e9 et ont organis\u00e9 un appel de fond sur Mimosa que nous vous relayons bien volontiers. Voir le message de Maxime ci-dessous.<\/p>\n\n\n\n<p><br>Tout le monde peut participer.<\/p>\n\n\n\n<p><br>Merci infiniment pour le soutien apport\u00e9 \u00e0 nos producteurs,<\/p>\n\n\n\n<p>L\u2019\u00e9quipe de l\u2019Amap<\/p>\n\n\n\n<p><\/p>\n\n\n\n<div class=\"wp-block-group is-layout-constrained wp-block-group-is-layout-constrained\"><div class=\"wp-block-group__inner-container\">\n<p><strong><em>Bonjour \u00e0 toutes et \u00e0 tous,<\/em><\/strong><\/p>\n\n\n\n<p><em><strong>Vous le savez peut \u00eatre, mes poulets sont pr\u00e9par\u00e9s dans un atelier de d\u00e9coupe coop\u00e9ratif\u00a0 d&rsquo;\u00e9leveurs \u00e0 Rambouillet. Face \u00e0 quelques difficult\u00e9s\u00a0dues\u00a0au contexte actuel, et dans le but de d\u00e9velopper la restauration collective via les cantines du d\u00e9partement notamment, nous avons lanc\u00e9 avec l&rsquo;aide du conseil d\u00e9partemental une campagne de financement participative. Je vous mets le lien ci apr\u00e8s. Si vous aviez la possibilit\u00e9 de diffuser l&rsquo;information aupr\u00e8s des amapiens-iennes si certains(es) veulent nous soutenir.<\/strong><\/em><\/p>\n\n\n\n<p><strong><em>Merci beaucoup et\u00a0 \u00e0 bient\u00f4t.<\/em><\/strong><\/p>\n<\/div><\/div>\n\n\n\n<p><a href=\"https:\/\/miimosa.com\/fr\/projects\/un-atelier-de-transformation-pour-producteurs-franciliens\">https:\/\/miimosa.com\/fr\/projects\/un-atelier-de-transformation-pour-producteurs-franciliens<\/a><\/p>\n","protected":false},"excerpt":{"rendered":"<p>Maxime Almeida est le producteur de volailles et \u0153ufs de notre Amap et il vient nous livrer ses d\u00e9licieux produits une fois par mois. Maxime fait partie d\u2019un groupement d\u2019\u00e9leveurs des Yvelines qui ont cr\u00e9\u00e9 un atelier de d\u00e9coupe et de transformation de viande dans le 78, \u00e0 Gazeran, afin de localiser la production au &hellip; <\/p>\n<p class=\"link-more\"><a href=\"https:\/\/letangauxpetitsoignons.org\/index.php\/2024\/04\/08\/aidez-maxime-notre-producteur-de-volaille\/\" class=\"more-link\">Continuer la lecture<span class=\"screen-reader-text\"> de &laquo;&nbsp;Aidez Maxime notre producteur de Volaille&nbsp;&raquo;<\/span><\/a><\/p>\n","protected":false},"author":1,"featured_media":1462,"comment_status":"open","ping_status":"open","sticky":false,"template":"","format":"standard","meta":{"footnotes":"","_jetpack_memberships_contains_paid_content":false,"jetpack_publicize_message":"","jetpack_publicize_feature_enabled":true,"jetpack_social_post_already_shared":true,"jetpack_social_options":{"image_generator_settings":{"template":"highway","enabled":false}}},"categories":[15,13],"tags":[],"jetpack_publicize_connections":[],"jetpack_featured_media_url":"https:\/\/i0.wp.com\/letangauxpetitsoignons.org\/wp-content\/uploads\/2024\/04\/visite-de-la-ferme-du-loup-blanc_-_civry-la-fort_49984480787_o_4.jpg?fit=666%2C444&ssl=1","jetpack_sharing_enabled":true,"jetpack_likes_enabled":true,"_links":{"self":[{"href":"https:\/\/letangauxpetitsoignons.org\/index.php\/wp-json\/wp\/v2\/posts\/1461"}],"collection":[{"href":"https:\/\/letangauxpetitsoignons.org\/index.php\/wp-json\/wp\/v2\/posts"}],"about":[{"href":"https:\/\/letangauxpetitsoignons.org\/index.php\/wp-json\/wp\/v2\/types\/post"}],"author":[{"embeddable":true,"href":"https:\/\/letangauxpetitsoignons.org\/index.php\/wp-json\/wp\/v2\/users\/1"}],"replies":[{"embeddable":true,"href":"https:\/\/letangauxpetitsoignons.org\/index.php\/wp-json\/wp\/v2\/comments?post=1461"}],"version-history":[{"count":0,"href":"https:\/\/letangauxpetitsoignons.org\/index.php\/wp-json\/wp\/v2\/posts\/1461\/revisions"}],"wp:featuredmedia":[{"embeddable":true,"href":"https:\/\/letangauxpetitsoignons.org\/index.php\/wp-json\/wp\/v2\/media\/1462"}],"wp:attachment":[{"href":"https:\/\/letangauxpetitsoignons.org\/index.php\/wp-json\/wp\/v2\/media?parent=1461"}],"wp:term":[{"taxonomy":"category","embeddable":true,"href":"https:\/\/letangauxpetitsoignons.org\/index.php\/wp-json\/wp\/v2\/categories?post=1461"},{"taxonomy":"post_tag","embeddable":true,"href":"https:\/\/letangauxpetitsoignons.org\/index.php\/wp-json\/wp\/v2\/tags?post=1461"}],"curies":[{"name":"wp","href":"https:\/\/api.w.org\/{rel}","templated":true}]}}